{"id":7301,"date":"2026-03-13T17:30:54","date_gmt":"2026-03-13T17:30:54","guid":{"rendered":"https:\/\/www.jfs.de\/?p=7301"},"modified":"2026-03-13T17:30:55","modified_gmt":"2026-03-13T17:30:55","slug":"wie-hat-esslingen-und-nuertingen-geschmeckt","status":"publish","type":"post","link":"https:\/\/www.jfs.de\/?p=7301","title":{"rendered":"\u201eWie hat Esslingen und N\u00fcrtingen geschmeckt?\u201c"},"content":{"rendered":"<div class=\"wp-block-image\">\n<figure class=\"alignleft size-full\"><a href=\"https:\/\/www.jfs.de\/wp-content\/uploads\/2026\/03\/IMG_5746_neu.jpg\"><img loading=\"lazy\" decoding=\"async\" width=\"400\" height=\"224\" src=\"https:\/\/www.jfs.de\/wp-content\/uploads\/2026\/03\/IMG_5746_neu.jpg\" alt=\"\" class=\"wp-image-7303\" srcset=\"https:\/\/www.jfs.de\/wp-content\/uploads\/2026\/03\/IMG_5746_neu.jpg 400w, https:\/\/www.jfs.de\/wp-content\/uploads\/2026\/03\/IMG_5746_neu-300x168.jpg 300w\" sizes=\"auto, (max-width: 400px) 100vw, 400px\" \/><\/a><\/figure>\n<\/div>\n\n\n<p>Am Donnerstag, 12.03.2026 spielten in der Kategorie U22 m\u00e4nnlich die Fu\u00dfballer der JFS um den Einzug in das Finale des Regierungspr\u00e4sidiums. Auf dem Kunstrasenplatz der John-F.-Kennedy-Schule ging es zun\u00e4chst gegen die Heimmannschaft. Es wurde 2*20 Minuten auf dem Gro\u00dffeld gespielt. Da die Mannschaft das erste Mal zusammengespielt hat, dauerte es ein paar Minuten bis man sich gefunden hatte. Danach ging es recht schnell und man ging mit 2:0 in F\u00fchrung. Kurz vor Schluss bekam die JFS noch einen Gegentreffer. Das Spiel wurde also mit 2:1 gewonnen. Da sich die John-F.-Kennedy-Schule und die Albert-Sch\u00e4ffle-Schule mit 3:3 trennten, reichte ein unentschieden gegen die ASS f\u00fcr das Weiterkommen der JFS. Nach einer Unaufmerksamkeit lag die JFS schnell mit 0:1 in R\u00fcckstand. Die Mannschaft blieb aber besonnen und spielte ihre \u00dcberlegenheit gekonnt aus.\u00a0\u00a0Am Ende stand wieder ein 2:1-Sieg zu Buche. Damit hat sich die JFS souver\u00e4n f\u00fcr das Regierungspr\u00e4sidiums-Finale auf dem Gel\u00e4nde des VfB Stuttgart qualifiziert. Gratulation an die erfolgreiche Mannschaft.\u00a0\u00a0<\/p>\n","protected":false},"excerpt":{"rendered":"<p>Am Donnerstag, 12.03.2026 spielten in der Kategorie U22 m\u00e4nnlich die Fu\u00dfballer der JFS um den Einzug in das Finale des Regierungspr\u00e4sidiums. Auf dem Kunstrasenplatz der John-F.-Kennedy-Schule ging es zun\u00e4chst gegen die Heimmannschaft. Es wurde 2*20 Minuten auf dem Gro\u00dffeld gespielt. <a class=\"more-link\" href=\"https:\/\/www.jfs.de\/?p=7301\"><span class=\"screen-reader-text\">  \u201eWie hat Esslingen und N\u00fcrtingen geschmeckt?\u201c<\/span> weiterlesen<span class=\"meta-nav\">&rarr;<\/span><\/a><\/p>\n","protected":false},"author":3,"featured_media":0,"comment_status":"closed","ping_status":"closed","sticky":false,"template":"","format":"standard","meta":{"footnotes":""},"categories":[9],"tags":[],"class_list":["post-7301","post","type-post","status-publish","format-standard","hentry","category-highlights"],"_links":{"self":[{"href":"https:\/\/www.jfs.de\/index.php?rest_route=\/wp\/v2\/posts\/7301","targetHints":{"allow":["GET"]}}],"collection":[{"href":"https:\/\/www.jfs.de\/index.php?rest_route=\/wp\/v2\/posts"}],"about":[{"href":"https:\/\/www.jfs.de\/index.php?rest_route=\/wp\/v2\/types\/post"}],"author":[{"embeddable":true,"href":"https:\/\/www.jfs.de\/index.php?rest_route=\/wp\/v2\/users\/3"}],"replies":[{"embeddable":true,"href":"https:\/\/www.jfs.de\/index.php?rest_route=%2Fwp%2Fv2%2Fcomments&post=7301"}],"version-history":[{"count":2,"href":"https:\/\/www.jfs.de\/index.php?rest_route=\/wp\/v2\/posts\/7301\/revisions"}],"predecessor-version":[{"id":7304,"href":"https:\/\/www.jfs.de\/index.php?rest_route=\/wp\/v2\/posts\/7301\/revisions\/7304"}],"wp:attachment":[{"href":"https:\/\/www.jfs.de\/index.php?rest_route=%2Fwp%2Fv2%2Fmedia&parent=7301"}],"wp:term":[{"taxonomy":"category","embeddable":true,"href":"https:\/\/www.jfs.de\/index.php?rest_route=%2Fwp%2Fv2%2Fcategories&post=7301"},{"taxonomy":"post_tag","embeddable":true,"href":"https:\/\/www.jfs.de\/index.php?rest_route=%2Fwp%2Fv2%2Ftags&post=7301"}],"curies":[{"name":"wp","href":"https:\/\/api.w.org\/{rel}","templated":true}]}}