{"id":7270,"date":"2026-02-23T16:34:57","date_gmt":"2026-02-23T16:34:57","guid":{"rendered":"https:\/\/www.jfs.de\/?p=7270"},"modified":"2026-02-23T16:34:58","modified_gmt":"2026-02-23T16:34:58","slug":"bki-klassen-zu-besuch-in-strassburg-europa-hautnah-erlebt","status":"publish","type":"post","link":"https:\/\/www.jfs.de\/?p=7270","title":{"rendered":"BKI-Klassen zu Besuch in Stra\u00dfburg \u2013 Europa hautnah erlebt"},"content":{"rendered":"<div class=\"wp-block-image\">\n<figure class=\"alignleft size-full\"><a href=\"https:\/\/www.jfs.de\/wp-content\/uploads\/2026\/02\/Artikel_HP_Strassburg_1neu.jpg\"><img loading=\"lazy\" decoding=\"async\" width=\"400\" height=\"207\" src=\"https:\/\/www.jfs.de\/wp-content\/uploads\/2026\/02\/Artikel_HP_Strassburg_1neu.jpg\" alt=\"\" class=\"wp-image-7272\" srcset=\"https:\/\/www.jfs.de\/wp-content\/uploads\/2026\/02\/Artikel_HP_Strassburg_1neu.jpg 400w, https:\/\/www.jfs.de\/wp-content\/uploads\/2026\/02\/Artikel_HP_Strassburg_1neu-300x155.jpg 300w\" sizes=\"auto, (max-width: 400px) 100vw, 400px\" \/><\/a><\/figure>\n<\/div>\n\n\n<p>Kurz vor den Faschingsferien wartete auf unsere BKI-Klassen ein ganz besonderes Highlight: eine gemeinsame Exkursion nach Stra\u00dfburg \u2013 mit einem Besuch im Europ\u00e4isches Parlament. Politik einmal nicht nur aus dem Schulbuch, sondern live und in Farbe!<\/p>\n\n\n\n<p><strong>Altstadt, M\u00fcnster und franz\u00f6sische Leckereien<\/strong>: Bevor es politisch wurde, stand zun\u00e4chst Kultur auf dem Programm. Bei einer Erkundung der historischen Altstadt bestaunten die Sch\u00fclerinnen und Sch\u00fcler das beeindruckende Stra\u00dfburger M\u00fcnster, das mit seiner imposanten Architektur und jahrhundertealten Geschichte alle in seinen Bann zog. Nat\u00fcrlich durfte auch die franz\u00f6sische K\u00fcche nicht fehlen: Zwischen Baguette, Croissant und anderen Spezialit\u00e4ten kam echtes Frankreich-Feeling auf \u2013 ein gelungener Start in den Tag.<\/p>\n\n\n<div class=\"wp-block-image\">\n<figure class=\"alignleft size-full\"><a href=\"https:\/\/www.jfs.de\/wp-content\/uploads\/2026\/02\/20260211_154225_neu2.jpg\"><img loading=\"lazy\" decoding=\"async\" width=\"400\" height=\"287\" src=\"https:\/\/www.jfs.de\/wp-content\/uploads\/2026\/02\/20260211_154225_neu2.jpg\" alt=\"\" class=\"wp-image-7273\" srcset=\"https:\/\/www.jfs.de\/wp-content\/uploads\/2026\/02\/20260211_154225_neu2.jpg 400w, https:\/\/www.jfs.de\/wp-content\/uploads\/2026\/02\/20260211_154225_neu2-300x215.jpg 300w\" sizes=\"auto, (max-width: 400px) 100vw, 400px\" \/><\/a><\/figure>\n<\/div>\n\n\n<p><strong>Ein Blick hinter die Kulissen Europas<\/strong>: Im Europ\u00e4ischen Parlament angekommen, erhielten die Sch\u00fclerinnen und Sch\u00fcler spannende Einblicke in die Arbeitsweise der Europ\u00e4ischen Union. Eine interaktive Ausstellung vermittelte anschaulich, wie Entscheidungen auf europ\u00e4ischer Ebene getroffen werden und welche Rolle das Parlament dabei spielt.<\/p>\n\n\n\n<p>In einer Pr\u00e4sentation des Besucherdienstes wurde die Zusammensetzung des Parlaments verst\u00e4ndlich erkl\u00e4rt \u2013 von den Fraktionen bis hin zum Ablauf von Abstimmungen. Sp\u00e4testens hier wurde klar: Hinter jeder Entscheidung steckt ein ausgekl\u00fcgeltes System (und eine Menge Diskussion).<\/p>\n\n\n\n<!--more-->\n\n\n<div class=\"wp-block-image\">\n<figure class=\"alignleft size-full\"><a href=\"https:\/\/www.jfs.de\/wp-content\/uploads\/2026\/02\/20260211_162732_neu3.jpg\"><img loading=\"lazy\" decoding=\"async\" width=\"400\" height=\"430\" src=\"https:\/\/www.jfs.de\/wp-content\/uploads\/2026\/02\/20260211_162732_neu3.jpg\" alt=\"\" class=\"wp-image-7274\" srcset=\"https:\/\/www.jfs.de\/wp-content\/uploads\/2026\/02\/20260211_162732_neu3.jpg 400w, https:\/\/www.jfs.de\/wp-content\/uploads\/2026\/02\/20260211_162732_neu3-279x300.jpg 279w\" sizes=\"auto, (max-width: 400px) 100vw, 400px\" \/><\/a><\/figure>\n<\/div>\n\n\n<p><strong>Politik live: Plenarsitzung mit besonderem Bezug<\/strong>: Das absolute Highlight folgte zum Abschluss: Die Sch\u00fclerinnen und Sch\u00fcler durften eine Plenarsitzung live von der Besuchertrib\u00fcne aus verfolgen. Passender h\u00e4tte das Thema kaum sein k\u00f6nnen \u2013 debattiert wurde \u00fcber Bildungsgerechtigkeit in der EU. Ein Thema, das die Sch\u00fclerinnen und Sch\u00fcler nat\u00fcrlich besonders interessierte. Dank Simultan\u00fcbersetzung in alle Amtssprachen der EU konnten \u00fcber Kopfh\u00f6rer jedes Wort mitverfolgt werde. Europa spricht viele Sprachen \u2013 und die Sch\u00fclerinnen und Sch\u00fcler waren mittendrin.<\/p>\n\n\n\n<p><strong>Ein Meilenstein der Schulzeit<\/strong>: Dieser Tag war mehr als nur ein Ausflug. Er war ein lebendiger Einblick in europ\u00e4ische Politik, ein Blick \u00fcber den Tellerrand des Klassenzimmers hinaus und sicherlich f\u00fcr viele ein pr\u00e4gender Meilenstein in der Schulzeit an der JFS.<\/p>\n","protected":false},"excerpt":{"rendered":"<p>Kurz vor den Faschingsferien wartete auf unsere BKI-Klassen ein ganz besonderes Highlight: eine gemeinsame Exkursion nach Stra\u00dfburg \u2013 mit einem Besuch im Europ\u00e4isches Parlament. Politik einmal nicht nur aus dem Schulbuch, sondern live und in Farbe! Altstadt, M\u00fcnster und franz\u00f6sische <a class=\"more-link\" href=\"https:\/\/www.jfs.de\/?p=7270\"><span class=\"screen-reader-text\">  BKI-Klassen zu Besuch in Stra\u00dfburg \u2013 Europa hautnah erlebt<\/span> weiterlesen<span class=\"meta-nav\">&rarr;<\/span><\/a><\/p>\n","protected":false},"author":3,"featured_media":0,"comment_status":"closed","ping_status":"closed","sticky":false,"template":"","format":"standard","meta":{"footnotes":""},"categories":[9],"tags":[],"class_list":["post-7270","post","type-post","status-publish","format-standard","hentry","category-highlights"],"_links":{"self":[{"href":"https:\/\/www.jfs.de\/index.php?rest_route=\/wp\/v2\/posts\/7270","targetHints":{"allow":["GET"]}}],"collection":[{"href":"https:\/\/www.jfs.de\/index.php?rest_route=\/wp\/v2\/posts"}],"about":[{"href":"https:\/\/www.jfs.de\/index.php?rest_route=\/wp\/v2\/types\/post"}],"author":[{"embeddable":true,"href":"https:\/\/www.jfs.de\/index.php?rest_route=\/wp\/v2\/users\/3"}],"replies":[{"embeddable":true,"href":"https:\/\/www.jfs.de\/index.php?rest_route=%2Fwp%2Fv2%2Fcomments&post=7270"}],"version-history":[{"count":2,"href":"https:\/\/www.jfs.de\/index.php?rest_route=\/wp\/v2\/posts\/7270\/revisions"}],"predecessor-version":[{"id":7275,"href":"https:\/\/www.jfs.de\/index.php?rest_route=\/wp\/v2\/posts\/7270\/revisions\/7275"}],"wp:attachment":[{"href":"https:\/\/www.jfs.de\/index.php?rest_route=%2Fwp%2Fv2%2Fmedia&parent=7270"}],"wp:term":[{"taxonomy":"category","embeddable":true,"href":"https:\/\/www.jfs.de\/index.php?rest_route=%2Fwp%2Fv2%2Fcategories&post=7270"},{"taxonomy":"post_tag","embeddable":true,"href":"https:\/\/www.jfs.de\/index.php?rest_route=%2Fwp%2Fv2%2Ftags&post=7270"}],"curies":[{"name":"wp","href":"https:\/\/api.w.org\/{rel}","templated":true}]}}